{"id":91,"date":"2021-05-24T14:59:15","date_gmt":"2021-05-24T12:59:15","guid":{"rendered":"https:\/\/www.s-a-v.org\/bhv\/?p=91"},"modified":"2021-06-17T16:56:16","modified_gmt":"2021-06-17T14:56:16","slug":"le-congres-de-vienne-et-le-canton-de-vaud-1813-1815","status":"publish","type":"post","link":"https:\/\/www.s-a-v.org\/bhv\/le-congres-de-vienne-et-le-canton-de-vaud-1813-1815\/","title":{"rendered":"Le Congr\u00e8s de Vienne et le Canton de Vaud, 1813-1815"},"content":{"rendered":"","protected":false},"excerpt":{"rendered":"","protected":false},"author":1,"featured_media":0,"comment_status":"open","ping_status":"open","sticky":false,"template":"","format":"standard","meta":{"_acf_changed":false,"inline_featured_image":false,"footnotes":""},"categories":[5],"tags":[],"class_list":["post-91","post","type-post","status-publish","format-standard","hentry","category-volumes"],"acf":[],"yoast_head":"<!-- This site is optimized with the Yoast SEO plugin v27.5 - https:\/\/yoast.com\/product\/yoast-seo-wordpress\/ -->\n<title>Le Congr\u00e8s de Vienne et le Canton de Vaud, 1813-1815 - Biblioth\u00e8que Historique Vaudoise<\/title>\n<meta name=\"robots\" content=\"index, follow, max-snippet:-1, max-image-preview:large, max-video-preview:-1\" \/>\n<link rel=\"canonical\" href=\"https:\/\/www.s-a-v.org\/bhv\/le-congres-de-vienne-et-le-canton-de-vaud-1813-1815\/\" \/>\n<meta property=\"og:locale\" content=\"fr_FR\" \/>\n<meta property=\"og:type\" content=\"article\" \/>\n<meta property=\"og:title\" content=\"Le Congr\u00e8s de Vienne et le Canton de Vaud, 1813-1815 - Biblioth\u00e8que Historique Vaudoise\" \/>\n<meta property=\"og:url\" content=\"https:\/\/www.s-a-v.org\/bhv\/le-congres-de-vienne-et-le-canton-de-vaud-1813-1815\/\" \/>\n<meta property=\"og:site_name\" content=\"Biblioth\u00e8que Historique Vaudoise\" \/>\n<meta property=\"article:published_time\" content=\"2021-05-24T12:59:15+00:00\" \/>\n<meta property=\"article:modified_time\" content=\"2021-06-17T14:56:16+00:00\" \/>\n<meta name=\"author\" content=\"yroy\" \/>\n<meta name=\"twitter:card\" content=\"summary_large_image\" \/>\n<meta name=\"twitter:label1\" content=\"\u00c9crit par\" \/>\n\t<meta name=\"twitter:data1\" content=\"yroy\" \/>\n<script type=\"application\/ld+json\" class=\"yoast-schema-graph\">{\"@context\":\"https:\\\/\\\/schema.org\",\"@graph\":[{\"@type\":\"Article\",\"@id\":\"https:\\\/\\\/www.s-a-v.org\\\/bhv\\\/le-congres-de-vienne-et-le-canton-de-vaud-1813-1815\\\/#article\",\"isPartOf\":{\"@id\":\"https:\\\/\\\/www.s-a-v.org\\\/bhv\\\/le-congres-de-vienne-et-le-canton-de-vaud-1813-1815\\\/\"},\"author\":{\"name\":\"yroy\",\"@id\":\"https:\\\/\\\/www.s-a-v.org\\\/bhv\\\/#\\\/schema\\\/person\\\/dc4e5c91b3a8db4069f153478221a8c9\"},\"headline\":\"Le Congr\u00e8s de Vienne et le Canton de Vaud, 1813-1815\",\"datePublished\":\"2021-05-24T12:59:15+00:00\",\"dateModified\":\"2021-06-17T14:56:16+00:00\",\"mainEntityOfPage\":{\"@id\":\"https:\\\/\\\/www.s-a-v.org\\\/bhv\\\/le-congres-de-vienne-et-le-canton-de-vaud-1813-1815\\\/\"},\"wordCount\":11,\"commentCount\":0,\"articleSection\":[\"Volumes\"],\"inLanguage\":\"fr-FR\",\"potentialAction\":[{\"@type\":\"CommentAction\",\"name\":\"Comment\",\"target\":[\"https:\\\/\\\/www.s-a-v.org\\\/bhv\\\/le-congres-de-vienne-et-le-canton-de-vaud-1813-1815\\\/#respond\"]}]},{\"@type\":\"WebPage\",\"@id\":\"https:\\\/\\\/www.s-a-v.org\\\/bhv\\\/le-congres-de-vienne-et-le-canton-de-vaud-1813-1815\\\/\",\"url\":\"https:\\\/\\\/www.s-a-v.org\\\/bhv\\\/le-congres-de-vienne-et-le-canton-de-vaud-1813-1815\\\/\",\"name\":\"Le Congr\u00e8s de Vienne et le Canton de Vaud, 1813-1815 - Biblioth\u00e8que Historique Vaudoise\",\"isPartOf\":{\"@id\":\"https:\\\/\\\/www.s-a-v.org\\\/bhv\\\/#website\"},\"datePublished\":\"2021-05-24T12:59:15+00:00\",\"dateModified\":\"2021-06-17T14:56:16+00:00\",\"author\":{\"@id\":\"https:\\\/\\\/www.s-a-v.org\\\/bhv\\\/#\\\/schema\\\/person\\\/dc4e5c91b3a8db4069f153478221a8c9\"},\"inLanguage\":\"fr-FR\",\"potentialAction\":[{\"@type\":\"ReadAction\",\"target\":[\"https:\\\/\\\/www.s-a-v.org\\\/bhv\\\/le-congres-de-vienne-et-le-canton-de-vaud-1813-1815\\\/\"]}]},{\"@type\":\"WebSite\",\"@id\":\"https:\\\/\\\/www.s-a-v.org\\\/bhv\\\/#website\",\"url\":\"https:\\\/\\\/www.s-a-v.org\\\/bhv\\\/\",\"name\":\"Biblioth\u00e8que Historique Vaudoise\",\"description\":\"Un site utilisant Les sites de Soci\u00e9t\u00e9 Acad\u00e9mique Vaudoise\",\"potentialAction\":[{\"@type\":\"SearchAction\",\"target\":{\"@type\":\"EntryPoint\",\"urlTemplate\":\"https:\\\/\\\/www.s-a-v.org\\\/bhv\\\/?s={search_term_string}\"},\"query-input\":{\"@type\":\"PropertyValueSpecification\",\"valueRequired\":true,\"valueName\":\"search_term_string\"}}],\"inLanguage\":\"fr-FR\"},{\"@type\":\"Person\",\"@id\":\"https:\\\/\\\/www.s-a-v.org\\\/bhv\\\/#\\\/schema\\\/person\\\/dc4e5c91b3a8db4069f153478221a8c9\",\"name\":\"yroy\",\"image\":{\"@type\":\"ImageObject\",\"inLanguage\":\"fr-FR\",\"@id\":\"https:\\\/\\\/secure.gravatar.com\\\/avatar\\\/af8d17363bedf8adc0c8813d69473d73e63ceb58ac4ee877b637abc918168c04?s=96&d=mm&r=g\",\"url\":\"https:\\\/\\\/secure.gravatar.com\\\/avatar\\\/af8d17363bedf8adc0c8813d69473d73e63ceb58ac4ee877b637abc918168c04?s=96&d=mm&r=g\",\"contentUrl\":\"https:\\\/\\\/secure.gravatar.com\\\/avatar\\\/af8d17363bedf8adc0c8813d69473d73e63ceb58ac4ee877b637abc918168c04?s=96&d=mm&r=g\",\"caption\":\"yroy\"},\"sameAs\":[\"https:\\\/\\\/www.s-a-v.org\"],\"url\":\"https:\\\/\\\/www.s-a-v.org\\\/bhv\\\/author\\\/yroy\\\/\"}]}<\/script>\n<!-- \/ Yoast SEO plugin. -->","yoast_head_json":{"title":"Le Congr\u00e8s de Vienne et le Canton de Vaud, 1813-1815 - Biblioth\u00e8que Historique Vaudoise","robots":{"index":"index","follow":"follow","max-snippet":"max-snippet:-1","max-image-preview":"max-image-preview:large","max-video-preview":"max-video-preview:-1"},"canonical":"https:\/\/www.s-a-v.org\/bhv\/le-congres-de-vienne-et-le-canton-de-vaud-1813-1815\/","og_locale":"fr_FR","og_type":"article","og_title":"Le Congr\u00e8s de Vienne et le Canton de Vaud, 1813-1815 - Biblioth\u00e8que Historique Vaudoise","og_url":"https:\/\/www.s-a-v.org\/bhv\/le-congres-de-vienne-et-le-canton-de-vaud-1813-1815\/","og_site_name":"Biblioth\u00e8que Historique Vaudoise","article_published_time":"2021-05-24T12:59:15+00:00","article_modified_time":"2021-06-17T14:56:16+00:00","author":"yroy","twitter_card":"summary_large_image","twitter_misc":{"\u00c9crit par":"yroy"},"schema":{"@context":"https:\/\/schema.org","@graph":[{"@type":"Article","@id":"https:\/\/www.s-a-v.org\/bhv\/le-congres-de-vienne-et-le-canton-de-vaud-1813-1815\/#article","isPartOf":{"@id":"https:\/\/www.s-a-v.org\/bhv\/le-congres-de-vienne-et-le-canton-de-vaud-1813-1815\/"},"author":{"name":"yroy","@id":"https:\/\/www.s-a-v.org\/bhv\/#\/schema\/person\/dc4e5c91b3a8db4069f153478221a8c9"},"headline":"Le Congr\u00e8s de Vienne et le Canton de Vaud, 1813-1815","datePublished":"2021-05-24T12:59:15+00:00","dateModified":"2021-06-17T14:56:16+00:00","mainEntityOfPage":{"@id":"https:\/\/www.s-a-v.org\/bhv\/le-congres-de-vienne-et-le-canton-de-vaud-1813-1815\/"},"wordCount":11,"commentCount":0,"articleSection":["Volumes"],"inLanguage":"fr-FR","potentialAction":[{"@type":"CommentAction","name":"Comment","target":["https:\/\/www.s-a-v.org\/bhv\/le-congres-de-vienne-et-le-canton-de-vaud-1813-1815\/#respond"]}]},{"@type":"WebPage","@id":"https:\/\/www.s-a-v.org\/bhv\/le-congres-de-vienne-et-le-canton-de-vaud-1813-1815\/","url":"https:\/\/www.s-a-v.org\/bhv\/le-congres-de-vienne-et-le-canton-de-vaud-1813-1815\/","name":"Le Congr\u00e8s de Vienne et le Canton de Vaud, 1813-1815 - Biblioth\u00e8que Historique Vaudoise","isPartOf":{"@id":"https:\/\/www.s-a-v.org\/bhv\/#website"},"datePublished":"2021-05-24T12:59:15+00:00","dateModified":"2021-06-17T14:56:16+00:00","author":{"@id":"https:\/\/www.s-a-v.org\/bhv\/#\/schema\/person\/dc4e5c91b3a8db4069f153478221a8c9"},"inLanguage":"fr-FR","potentialAction":[{"@type":"ReadAction","target":["https:\/\/www.s-a-v.org\/bhv\/le-congres-de-vienne-et-le-canton-de-vaud-1813-1815\/"]}]},{"@type":"WebSite","@id":"https:\/\/www.s-a-v.org\/bhv\/#website","url":"https:\/\/www.s-a-v.org\/bhv\/","name":"Biblioth\u00e8que Historique Vaudoise","description":"Un site utilisant Les sites de Soci\u00e9t\u00e9 Acad\u00e9mique Vaudoise","potentialAction":[{"@type":"SearchAction","target":{"@type":"EntryPoint","urlTemplate":"https:\/\/www.s-a-v.org\/bhv\/?s={search_term_string}"},"query-input":{"@type":"PropertyValueSpecification","valueRequired":true,"valueName":"search_term_string"}}],"inLanguage":"fr-FR"},{"@type":"Person","@id":"https:\/\/www.s-a-v.org\/bhv\/#\/schema\/person\/dc4e5c91b3a8db4069f153478221a8c9","name":"yroy","image":{"@type":"ImageObject","inLanguage":"fr-FR","@id":"https:\/\/secure.gravatar.com\/avatar\/af8d17363bedf8adc0c8813d69473d73e63ceb58ac4ee877b637abc918168c04?s=96&d=mm&r=g","url":"https:\/\/secure.gravatar.com\/avatar\/af8d17363bedf8adc0c8813d69473d73e63ceb58ac4ee877b637abc918168c04?s=96&d=mm&r=g","contentUrl":"https:\/\/secure.gravatar.com\/avatar\/af8d17363bedf8adc0c8813d69473d73e63ceb58ac4ee877b637abc918168c04?s=96&d=mm&r=g","caption":"yroy"},"sameAs":["https:\/\/www.s-a-v.org"],"url":"https:\/\/www.s-a-v.org\/bhv\/author\/yroy\/"}]}},"_links":{"self":[{"href":"https:\/\/www.s-a-v.org\/bhv\/wp-json\/wp\/v2\/posts\/91","targetHints":{"allow":["GET"]}}],"collection":[{"href":"https:\/\/www.s-a-v.org\/bhv\/wp-json\/wp\/v2\/posts"}],"about":[{"href":"https:\/\/www.s-a-v.org\/bhv\/wp-json\/wp\/v2\/types\/post"}],"author":[{"embeddable":true,"href":"https:\/\/www.s-a-v.org\/bhv\/wp-json\/wp\/v2\/users\/1"}],"replies":[{"embeddable":true,"href":"https:\/\/www.s-a-v.org\/bhv\/wp-json\/wp\/v2\/comments?post=91"}],"version-history":[{"count":14,"href":"https:\/\/www.s-a-v.org\/bhv\/wp-json\/wp\/v2\/posts\/91\/revisions"}],"predecessor-version":[{"id":600,"href":"https:\/\/www.s-a-v.org\/bhv\/wp-json\/wp\/v2\/posts\/91\/revisions\/600"}],"wp:attachment":[{"href":"https:\/\/www.s-a-v.org\/bhv\/wp-json\/wp\/v2\/media?parent=91"}],"wp:term":[{"taxonomy":"category","embeddable":true,"href":"https:\/\/www.s-a-v.org\/bhv\/wp-json\/wp\/v2\/categories?post=91"},{"taxonomy":"post_tag","embeddable":true,"href":"https:\/\/www.s-a-v.org\/bhv\/wp-json\/wp\/v2\/tags?post=91"}],"curies":[{"name":"wp","href":"https:\/\/api.w.org\/{rel}","templated":true}]}}